{"id":1819,"date":"2013-05-23T13:40:22","date_gmt":"2013-05-23T12:40:22","guid":{"rendered":"http:\/\/www.x-iansen.dk\/?p=1819"},"modified":"2013-05-23T13:40:22","modified_gmt":"2013-05-23T12:40:22","slug":"formandfred","status":"publish","type":"post","link":"http:\/\/www.x-iansen.dk\/index.php\/2013\/05\/23\/formandfred\/","title":{"rendered":"Formandfred"},"content":{"rendered":"<p><a href=\"http:\/\/www.x-iansen.dk\/wp-content\/uploads\/2013\/05\/photo1.jpg\"><img decoding=\"async\" loading=\"lazy\" src=\"http:\/\/www.x-iansen.dk\/wp-content\/uploads\/2013\/05\/photo1-300x224.jpg\" alt=\"photo(1)\" width=\"300\" height=\"224\" class=\"alignright size-medium wp-image-1820\" srcset=\"http:\/\/www.x-iansen.dk\/wp-content\/uploads\/2013\/05\/photo1-300x224.jpg 300w, http:\/\/www.x-iansen.dk\/wp-content\/uploads\/2013\/05\/photo1-150x112.jpg 150w, http:\/\/www.x-iansen.dk\/wp-content\/uploads\/2013\/05\/photo1-401x300.jpg 401w, http:\/\/www.x-iansen.dk\/wp-content\/uploads\/2013\/05\/photo1.jpg 640w\" sizes=\"(max-width: 300px) 100vw, 300px\" \/><\/a> S\u00e5 skete det.<br \/>\nDer var to torsdage i en uge, jordens tiltr\u00e6kningskraft negerede og jeg blev formand af Science Fiction Cirklen. Lidt over en uge efter generalforsamlingen, hvor jeg blev forfremmet fra suppleant til fuldgyldigt bestyrelsesmedlem, holdt bestyrelsen for SFC et af de m\u00e5nedlige bestyrelsesm\u00f8der, hvor bestyrelses konstituerede sig selv, og jeg blev opfordret til at lade mig v\u00e6lge som formand efter at Lea Thume trak sig utidigt (i utide).<br \/>\nJeg var lidt overrasket over nomineringen , selvom jeg s\u00e5 det komme. Nu m\u00e5 jeg se at udfylde pladsen godt nok, s\u00e5 jeg efterlader posten i god behold indtil nogen andre overtager. <\/p>\n","protected":false},"excerpt":{"rendered":"<p>S\u00e5 skete det. Der var to torsdage i en uge, jordens tiltr\u00e6kningskraft negerede og jeg blev formand af Science Fiction Cirklen. Lidt over en uge efter generalforsamlingen, hvor jeg blev forfremmet fra suppleant til fuldgyldigt bestyrelsesmedlem, holdt bestyrelsen for SFC et af de m\u00e5nedlige bestyrelsesm\u00f8der, hvor bestyrelses konstituerede sig selv, og jeg blev opfordret til [&hellip;]<\/p>\n","protected":false},"author":1,"featured_media":0,"comment_status":"open","ping_status":"open","sticky":false,"template":"","format":"standard","meta":{"jetpack_post_was_ever_published":false,"_jetpack_newsletter_access":"","footnotes":"","jetpack_publicize_message":"","jetpack_is_tweetstorm":false,"jetpack_publicize_feature_enabled":true,"jetpack_social_post_already_shared":false,"jetpack_social_options":{"image_generator_settings":{"template":"highway","enabled":false}}},"categories":[1],"tags":[100,4,13],"jetpack_publicize_connections":[],"jetpack_featured_media_url":"","jetpack_sharing_enabled":true,"jetpack_shortlink":"https:\/\/wp.me\/p6hQ7N-tl","_links":{"self":[{"href":"http:\/\/www.x-iansen.dk\/index.php\/wp-json\/wp\/v2\/posts\/1819"}],"collection":[{"href":"http:\/\/www.x-iansen.dk\/index.php\/wp-json\/wp\/v2\/posts"}],"about":[{"href":"http:\/\/www.x-iansen.dk\/index.php\/wp-json\/wp\/v2\/types\/post"}],"author":[{"embeddable":true,"href":"http:\/\/www.x-iansen.dk\/index.php\/wp-json\/wp\/v2\/users\/1"}],"replies":[{"embeddable":true,"href":"http:\/\/www.x-iansen.dk\/index.php\/wp-json\/wp\/v2\/comments?post=1819"}],"version-history":[{"count":0,"href":"http:\/\/www.x-iansen.dk\/index.php\/wp-json\/wp\/v2\/posts\/1819\/revisions"}],"wp:attachment":[{"href":"http:\/\/www.x-iansen.dk\/index.php\/wp-json\/wp\/v2\/media?parent=1819"}],"wp:term":[{"taxonomy":"category","embeddable":true,"href":"http:\/\/www.x-iansen.dk\/index.php\/wp-json\/wp\/v2\/categories?post=1819"},{"taxonomy":"post_tag","embeddable":true,"href":"http:\/\/www.x-iansen.dk\/index.php\/wp-json\/wp\/v2\/tags?post=1819"}],"curies":[{"name":"wp","href":"https:\/\/api.w.org\/{rel}","templated":true}]}}