{"id":160,"date":"2008-08-24T22:53:53","date_gmt":"2008-08-24T20:53:53","guid":{"rendered":"http:\/\/www.x-iansen.dk\/?p=160"},"modified":"2010-12-04T14:08:56","modified_gmt":"2010-12-04T13:08:56","slug":"nyt-logo-for-sfc","status":"publish","type":"post","link":"http:\/\/www.x-iansen.dk\/index.php\/2008\/08\/24\/nyt-logo-for-sfc\/","title":{"rendered":"Nyt logo for SFC"},"content":{"rendered":"<p>S\u00e5 er <a href=\"http:\/\/www.sciencefiction.dk\">Science Fiction Cirklens<\/a> nye logo oppe at flyve. Carl-Eddy sendte en mail til mig for noget tid siden og spurgte om jeg kunne lave noget grafik, deriblandt eventuelt et nyt logo. Det skulle v\u00e6re moderne, men stadig have noget af det gamle. Jeg lavede s\u00e5 et logo som med det samme faldt i alles smag. Det er altid dejligt n\u00e5r s\u00e5dan noget sker.<\/p>\n<p>Her er det gamle og det nye logo side om side<\/p>\n<table border=\"0\" width=\"100%\" align=\"center\">\n<tbody>\n<tr>\n<td>gammelt<\/td>\n<td><\/td>\n<td>nyt<\/td>\n<\/tr>\n<tr>\n<td><a href=\"http:\/\/www.x-iansen.dk\/wp-content\/uploads\/2008\/08\/logo.gif\"><\/a><br \/>\n<a href=\"http:\/\/www.x-iansen.dk\/wp-content\/uploads\/2008\/08\/logo.gif\"><img decoding=\"async\" loading=\"lazy\" class=\"alignnone size-medium wp-image-161 aligncenter\" title=\"gammelt logo\" src=\"http:\/\/www.x-iansen.dk\/wp-content\/uploads\/2008\/08\/logo.gif\" alt=\"\" width=\"100\" height=\"100\" \/><\/a><\/td>\n<td><\/td>\n<td><a href=\"http:\/\/www.x-iansen.dk\/wp-content\/uploads\/2008\/08\/sfclogofarv200.jpg\"><\/a><br \/>\n<a href=\"http:\/\/www.x-iansen.dk\/wp-content\/uploads\/2008\/08\/sfclogofarv200.jpg\"><img decoding=\"async\" loading=\"lazy\" class=\"alignnone size-medium wp-image-163 aligncenter\" title=\"SFClogoFarv\" src=\"http:\/\/www.x-iansen.dk\/wp-content\/uploads\/2008\/08\/sfclogofarv200.jpg\" alt=\"\" width=\"144\" height=\"104\" \/><\/a><\/td>\n<\/tr>\n<\/tbody>\n<\/table>\n","protected":false},"excerpt":{"rendered":"<p>S\u00e5 er Science Fiction Cirklens nye logo oppe at flyve. Carl-Eddy sendte en mail til mig for noget tid siden og spurgte om jeg kunne lave noget grafik, deriblandt eventuelt et nyt logo. Det skulle v\u00e6re moderne, men stadig have noget af det gamle. Jeg lavede s\u00e5 et logo som med det samme faldt i [&hellip;]<\/p>\n","protected":false},"author":1,"featured_media":0,"comment_status":"open","ping_status":"open","sticky":false,"template":"","format":"standard","meta":{"jetpack_post_was_ever_published":false,"_jetpack_newsletter_access":"","footnotes":"","jetpack_publicize_message":"","jetpack_is_tweetstorm":false,"jetpack_publicize_feature_enabled":true,"jetpack_social_post_already_shared":false,"jetpack_social_options":{"image_generator_settings":{"template":"highway","enabled":false}}},"categories":[1],"tags":[58,57,4],"jetpack_publicize_connections":[],"jetpack_featured_media_url":"","jetpack_sharing_enabled":true,"jetpack_shortlink":"https:\/\/wp.me\/p6hQ7N-2A","_links":{"self":[{"href":"http:\/\/www.x-iansen.dk\/index.php\/wp-json\/wp\/v2\/posts\/160"}],"collection":[{"href":"http:\/\/www.x-iansen.dk\/index.php\/wp-json\/wp\/v2\/posts"}],"about":[{"href":"http:\/\/www.x-iansen.dk\/index.php\/wp-json\/wp\/v2\/types\/post"}],"author":[{"embeddable":true,"href":"http:\/\/www.x-iansen.dk\/index.php\/wp-json\/wp\/v2\/users\/1"}],"replies":[{"embeddable":true,"href":"http:\/\/www.x-iansen.dk\/index.php\/wp-json\/wp\/v2\/comments?post=160"}],"version-history":[{"count":3,"href":"http:\/\/www.x-iansen.dk\/index.php\/wp-json\/wp\/v2\/posts\/160\/revisions"}],"predecessor-version":[{"id":1131,"href":"http:\/\/www.x-iansen.dk\/index.php\/wp-json\/wp\/v2\/posts\/160\/revisions\/1131"}],"wp:attachment":[{"href":"http:\/\/www.x-iansen.dk\/index.php\/wp-json\/wp\/v2\/media?parent=160"}],"wp:term":[{"taxonomy":"category","embeddable":true,"href":"http:\/\/www.x-iansen.dk\/index.php\/wp-json\/wp\/v2\/categories?post=160"},{"taxonomy":"post_tag","embeddable":true,"href":"http:\/\/www.x-iansen.dk\/index.php\/wp-json\/wp\/v2\/tags?post=160"}],"curies":[{"name":"wp","href":"https:\/\/api.w.org\/{rel}","templated":true}]}}