{"id":1365,"date":"2012-10-06T20:36:36","date_gmt":"2012-10-06T19:36:36","guid":{"rendered":"http:\/\/www.x-iansen.dk\/?p=1365"},"modified":"2013-09-10T22:11:41","modified_gmt":"2013-09-10T21:11:41","slug":"gallaktiske-forestillinger","status":"publish","type":"post","link":"http:\/\/www.x-iansen.dk\/index.php\/2012\/10\/06\/gallaktiske-forestillinger\/","title":{"rendered":"Galaktiske forestillinger"},"content":{"rendered":"<p><a href=\"http:\/\/www.x-iansen.dk\/wp-content\/uploads\/2012\/10\/Galaktiske_Forestillingerfacebook.jpg\"><img decoding=\"async\" loading=\"lazy\" class=\"alignright size-large wp-image-1366\" title=\"Galaktiske_Forestillingerfacebook\" alt=\"\" src=\"http:\/\/www.x-iansen.dk\/wp-content\/uploads\/2012\/10\/Galaktiske_Forestillingerfacebook-660x306.jpg\" width=\"584\" height=\"270\" srcset=\"http:\/\/www.x-iansen.dk\/wp-content\/uploads\/2012\/10\/Galaktiske_Forestillingerfacebook-660x306.jpg 660w, http:\/\/www.x-iansen.dk\/wp-content\/uploads\/2012\/10\/Galaktiske_Forestillingerfacebook-150x69.jpg 150w, http:\/\/www.x-iansen.dk\/wp-content\/uploads\/2012\/10\/Galaktiske_Forestillingerfacebook-300x139.jpg 300w, http:\/\/www.x-iansen.dk\/wp-content\/uploads\/2012\/10\/Galaktiske_Forestillingerfacebook-500x232.jpg 500w, http:\/\/www.x-iansen.dk\/wp-content\/uploads\/2012\/10\/Galaktiske_Forestillingerfacebook.jpg 1000w\" sizes=\"(max-width: 584px) 100vw, 584px\" \/><\/a>S\u00e5 er nedt\u00e6llingen begyndt<\/p>\n<p>09.11.12 udkommer min novellesamling <strong><em>Galaktiske forestillinger<\/em><\/strong><\/p>\n<p>10.11.12 kl. 12.45 og 11.11.12 kl. 16.45 kan du finde mig p\u00e5 Bogforum i BellaCenter p\u00e5 stand C3 051 (i hal C)hvor jeg vil fort\u00e6lle om tilblivelsen af novellesamlingen og l\u00e6se uddrag.<\/p>\n<p>&nbsp;<\/p>\n","protected":false},"excerpt":{"rendered":"<p>S\u00e5 er nedt\u00e6llingen begyndt 09.11.12 udkommer min novellesamling Galaktiske forestillinger 10.11.12 kl. 12.45 og 11.11.12 kl. 16.45 kan du finde mig p\u00e5 Bogforum i BellaCenter p\u00e5 stand C3 051 (i hal C)hvor jeg vil fort\u00e6lle om tilblivelsen af novellesamlingen og l\u00e6se uddrag. &nbsp;<\/p>\n","protected":false},"author":1,"featured_media":0,"comment_status":"open","ping_status":"open","sticky":false,"template":"","format":"standard","meta":{"jetpack_post_was_ever_published":false,"_jetpack_newsletter_access":"","footnotes":"","jetpack_publicize_message":"","jetpack_is_tweetstorm":false,"jetpack_publicize_feature_enabled":true,"jetpack_social_post_already_shared":false,"jetpack_social_options":{"image_generator_settings":{"template":"highway","enabled":false}}},"categories":[1],"tags":[],"jetpack_publicize_connections":[],"jetpack_featured_media_url":"","jetpack_sharing_enabled":true,"jetpack_shortlink":"https:\/\/wp.me\/p6hQ7N-m1","_links":{"self":[{"href":"http:\/\/www.x-iansen.dk\/index.php\/wp-json\/wp\/v2\/posts\/1365"}],"collection":[{"href":"http:\/\/www.x-iansen.dk\/index.php\/wp-json\/wp\/v2\/posts"}],"about":[{"href":"http:\/\/www.x-iansen.dk\/index.php\/wp-json\/wp\/v2\/types\/post"}],"author":[{"embeddable":true,"href":"http:\/\/www.x-iansen.dk\/index.php\/wp-json\/wp\/v2\/users\/1"}],"replies":[{"embeddable":true,"href":"http:\/\/www.x-iansen.dk\/index.php\/wp-json\/wp\/v2\/comments?post=1365"}],"version-history":[{"count":3,"href":"http:\/\/www.x-iansen.dk\/index.php\/wp-json\/wp\/v2\/posts\/1365\/revisions"}],"predecessor-version":[{"id":1369,"href":"http:\/\/www.x-iansen.dk\/index.php\/wp-json\/wp\/v2\/posts\/1365\/revisions\/1369"}],"wp:attachment":[{"href":"http:\/\/www.x-iansen.dk\/index.php\/wp-json\/wp\/v2\/media?parent=1365"}],"wp:term":[{"taxonomy":"category","embeddable":true,"href":"http:\/\/www.x-iansen.dk\/index.php\/wp-json\/wp\/v2\/categories?post=1365"},{"taxonomy":"post_tag","embeddable":true,"href":"http:\/\/www.x-iansen.dk\/index.php\/wp-json\/wp\/v2\/tags?post=1365"}],"curies":[{"name":"wp","href":"https:\/\/api.w.org\/{rel}","templated":true}]}}